{"id":3374371,"date":"2025-03-17T09:00:28","date_gmt":"2025-03-17T08:00:28","guid":{"rendered":"https:\/\/stockholmsmassan.se\/?p=3374371"},"modified":"2025-03-11T14:02:05","modified_gmt":"2025-03-11T13:02:05","slug":"when-its-trendy-to-be-outdoors-nordiska-tradgardar","status":"publish","type":"post","link":"https:\/\/stockholmsmassan.se\/en\/nyheter\/when-its-trendy-to-be-outdoors-nordiska-tradgardar\/","title":{"rendered":"When it&#8217;s trendy to be outdoors &#8211; Nordiska Tr\u00e4dg\u00e5rdar"},"content":{"rendered":"<p><em>Published on 2025-03-17<\/em><\/p>\n<p><strong>Nordiska Tr\u00e4dg\u00e5rdar is the largest and most popular garden fair in the Nordic region. It is the place to be for growing enthusiasts, garden lovers and curious beginners. Nearly 50,000 visitors and more than 300 exhibitors come together to create an inspiring world of plants, ideas and knowledge.<br \/>\n<\/strong><\/p>\n<p>Whether you have a large garden, a balcony or just a grow box, Nordiska Tr\u00e4dg\u00e5rdar is the place to find everything from plants, seeds and tubers to garden furniture and green innovations. Get inspired by idea gardens, competitions and product launches &#8211; the perfect start to the growing season. Since its inception at Sollentunam\u00e4ssan in 1992 and under the auspices of Stockholmsm\u00e4ssan from 2002, the event has become an obvious meeting place for gardening enthusiasts.<\/p>\n<p><strong>FOR A SUSTAINABLE FUTURE<\/strong><br \/>\nAs part of Stockholmsm\u00e4ssan&#8217;s extensive sustainability work, Nordiska Tr\u00e4dg\u00e5rdar is focusing on UN Sustainable Development Goals 12 and 15. The initiative and the Earth Square Meter exhibition want to get the whole of Sweden to contribute to biodiversity by giving back hard surfaces to nature. It shows simple examples of how everyone can contribute and do something. The fair also offers lectures and advice to provide practical tips on sustainable farming methods, water management and ways to become self-sufficient.<\/p>\n<p><strong>GERANIUM OF THE YEAR<\/strong><br \/>\nSince 2007, the first day of the fair has been marked by the tradition of naming the Geranium of the Year. The event, organized in collaboration with Blomsterfr\u00e4mjandet, highlights the beauty and diversity of the geranium genus. Each year, a specially selected geranium or group of varieties is recognized for its freshness, vitality and unique aesthetic expression. Visitors have the opportunity to discover and buy the geranium of the year directly at the fair.<\/p>\n<p><strong>AROUSE THE CHILDREN&#8217;S INTEREST<\/strong><br \/>\nAt Nordiska Tr\u00e4dg\u00e5rdar there is something for the whole family! Among the stands on R\u00e5dgivningsgatan, there are several exciting, fun and educational activities that arouse interest in cultivation and nature. Each activity is rewarded with a stamp, which ultimately gives a prize.<\/p>\n<p>See you at Stockholmsm\u00e4ssan at the garden fair Nordiska Tr\u00e4dg\u00e5rdar on March 27\u201330!<\/p>\n<p><a title=\"Browse the magazine here!\" href=\"https:\/\/sthlmsmassan.se\/uh1uk\" target=\"_blank\" rel=\"noopener\">Browse the magazine here!<\/a><br \/>\n<a title=\"mRead more about the Nordic Garden Fair\" href=\"https:\/\/nordiskatradgardar.se\/\" target=\"_blank\" rel=\"noopener\">Read more about the Nordic Garden Fair<\/a><\/p>\n<p><em>The supplement is produced in collaboration with Newsfactory and is designed and produced by Stockholmsm\u00e4ssan&#8217;s in-house department. In 24 pages, the supplement highlights all the fairs this spring. It will be sent out to DN&#8217;s 400,000 readers, of which 150,000 are printed copies. <\/em><\/p>\n","protected":false},"excerpt":{"rendered":"<p>Nordiska Tr\u00e4dg\u00e5rdar is the largest and most popular garden fair in the Nordic region. It is the place to be for gardening enthusiasts, garden lovers and curious beginners.   <\/p>\n","protected":false},"author":6,"featured_media":3374365,"comment_status":"closed","ping_status":"closed","sticky":false,"template":"","format":"standard","meta":{"_acf_changed":false,"_et_pb_use_builder":"","_et_pb_old_content":"","_et_gb_content_width":"","footnotes":""},"categories":[141],"tags":[290,292,300,329,286,334,289,194,287,328,333],"class_list":["post-3374371","post","type-post","status-publish","format-standard","has-post-thumbnail","hentry","category-novelty","tag-2025-en","tag-b2c-en","tag-fair","tag-inspiration-en","tag-meetings","tag-nordiska-tradgardar-en","tag-spring","tag-stockholmsmassan-en","tag-store","tag-the-boating-season","tag-the-garden-fair"],"acf":[],"_links":{"self":[{"href":"https:\/\/stockholmsmassan.se\/en\/wp-json\/wp\/v2\/posts\/3374371","targetHints":{"allow":["GET"]}}],"collection":[{"href":"https:\/\/stockholmsmassan.se\/en\/wp-json\/wp\/v2\/posts"}],"about":[{"href":"https:\/\/stockholmsmassan.se\/en\/wp-json\/wp\/v2\/types\/post"}],"author":[{"embeddable":true,"href":"https:\/\/stockholmsmassan.se\/en\/wp-json\/wp\/v2\/users\/6"}],"replies":[{"embeddable":true,"href":"https:\/\/stockholmsmassan.se\/en\/wp-json\/wp\/v2\/comments?post=3374371"}],"version-history":[{"count":3,"href":"https:\/\/stockholmsmassan.se\/en\/wp-json\/wp\/v2\/posts\/3374371\/revisions"}],"predecessor-version":[{"id":3374374,"href":"https:\/\/stockholmsmassan.se\/en\/wp-json\/wp\/v2\/posts\/3374371\/revisions\/3374374"}],"wp:featuredmedia":[{"embeddable":true,"href":"https:\/\/stockholmsmassan.se\/en\/wp-json\/wp\/v2\/media\/3374365"}],"wp:attachment":[{"href":"https:\/\/stockholmsmassan.se\/en\/wp-json\/wp\/v2\/media?parent=3374371"}],"wp:term":[{"taxonomy":"category","embeddable":true,"href":"https:\/\/stockholmsmassan.se\/en\/wp-json\/wp\/v2\/categories?post=3374371"},{"taxonomy":"post_tag","embeddable":true,"href":"https:\/\/stockholmsmassan.se\/en\/wp-json\/wp\/v2\/tags?post=3374371"}],"curies":[{"name":"wp","href":"https:\/\/api.w.org\/{rel}","templated":true}]}}